{"id":250,"date":"2026-02-09T14:05:31","date_gmt":"2026-02-09T13:05:31","guid":{"rendered":"https:\/\/www.csami.hu\/site\/?p=250"},"modified":"2026-02-18T13:20:22","modified_gmt":"2026-02-18T12:20:22","slug":"ujevi-hangverseny","status":"publish","type":"post","link":"https:\/\/www.csami.hu\/site\/ujevi-hangverseny","title":{"rendered":"\u00daj\u00e9vi hangverseny"},"content":{"rendered":"\n<p class=\"wp-block-paragraph\">A m\u0171v\u00e9szeti iskola janu\u00e1r 10-\u00e9n tartotta meg \u00daj\u00e9vi hangverseny\u00e9t. Id\u00e9n erre m\u00e1r hetedik alkalommal ker\u00fclt sor, de a lelkesed\u00e9s, a k\u00e9sz\u00fcl\u0151d\u00e9s tov\u00e1bbra is t\u00f6retlen. A zenekar mellett a mazsorettcsoportok t\u00e1nca sz\u00ednes\u00edtette a rendezv\u00e9nyt. Dr. T\u00f3th Tibor polg\u00e1rmester nyitotta meg az est\u00e9t, majd a Queen egy\u00fcttes We are the Champions c\u00edm\u0171 sz\u00e1mval kezd\u0151d\u00f6tt el a hangverseny. Az \u00f6r\u00f6k klasszikust a Big Four March darab k\u00f6vette, majd a zenekar el\u0151ad\u00e1s\u00e1ban a Polar Expressz c\u00edm\u0171 anim\u00e1ci\u00f3s film bet\u00e9tdalaib\u00f3l k\u00f6vetkezett egy \u00f6ssze\u00e1ll\u00edt\u00e1s. A teljess\u00e9g ig\u00e9nye n\u00e9lk\u00fcl a folytat\u00e1sban ezut\u00e1n hallhatott a k\u00f6z\u00f6ns\u00e9g n\u00e9pszer\u0171 sl\u00e1gereket, mint a Lemon Tree, vagy a Barbie Girl c\u00edm\u0171 dal, de nagy tetsz\u00e9st araott a Bella Ciao, a Gonna fly now, vagy a Skorpi\u00f3 Azt besz\u00e9li m\u00e1r az eg\u00e9sz v\u00e1ros c\u00edm\u0171 dala is.<\/p>\n\n\n\n<p class=\"wp-block-paragraph\">R\u00e9gi hagyom\u00e1ny k\u00f6sz\u00f6nteni, a jubil\u00e1l\u00f3zenekari tagokat \u00e9s t\u00e1ncosokat. Czirok Zolt\u00e1n, Czirokn\u00e9 Krizs\u00e1n Zsuzsanna \u00e9s Cs\u00e1ki Klaudia id\u00e9n R\u00e9nyi Vir\u00e1gnak, Gera Kittinek, Samu Katalinnak, Zsolnai Orsoly\u00e1nak, Katona Angelik\u00e1nak, Sz\u0171cs Viol\u00e1nak, Sis\u00e1k Ivettnek \u00e9s M\u00e9sz\u00e1ros Lilinek 10 \u00e9ves, Zsolnai Bal\u00e1zsnak 15 \u00e9ves \u00e9s Holo Patriknak 20 \u00e9ves munk\u00e1\u00e9rt aj\u00e1nd\u00e9kozott grav\u00edrozott t\u00e1lc\u00e1t.<\/p>\n\n\n\n<p class=\"wp-block-paragraph\">Az est z\u00e1r\u00e1sak\u00e9nt M\u00fcller J\u00f3zsef Fej\u00e9rv\u00e1ri indul\u00f3ja hangzott el, melyet az \u00f6sszes mazsorettes t\u00e1nca k\u00eds\u00e9rt. K\u00f6sz\u00f6nj\u00fck sz\u00e9pen a zenekar tagjainak, a t\u00e1ncosoknak \u00e9s felk\u00e9sz\u00edt\u0151iknek ezt a felejthetetlen est\u00e9t!<\/p>\n\n\n\n<p class=\"wp-block-paragraph\">                                                                                                                                                                                                                      T\u00f6rk\u00f6ly \u00c1gnes<\/p>\n\n\n\n<p class=\"wp-block-paragraph\">A rendezv\u00e9nyt t\u00e1mogatta:<\/p>\n\n\n\n<figure class=\"wp-block-image size-large is-resized\"><img loading=\"lazy\" decoding=\"async\" width=\"1024\" height=\"513\" src=\"https:\/\/www.csami.hu\/site\/wp-content\/uploads\/2026\/02\/nka_2024-1024x513.jpg\" alt=\"\" class=\"wp-image-251\" style=\"aspect-ratio:1.99567821876966;width:774px;height:auto\" srcset=\"https:\/\/www.csami.hu\/site\/wp-content\/uploads\/2026\/02\/nka_2024-1024x513.jpg 1024w, https:\/\/www.csami.hu\/site\/wp-content\/uploads\/2026\/02\/nka_2024-300x150.jpg 300w, https:\/\/www.csami.hu\/site\/wp-content\/uploads\/2026\/02\/nka_2024-768x385.jpg 768w, https:\/\/www.csami.hu\/site\/wp-content\/uploads\/2026\/02\/nka_2024-1536x770.jpg 1536w, https:\/\/www.csami.hu\/site\/wp-content\/uploads\/2026\/02\/nka_2024-2048x1026.jpg 2048w\" sizes=\"auto, (max-width: 1024px) 100vw, 1024px\" \/><\/figure>\n\n\n\n<figure class=\"wp-block-image size-full\"><img loading=\"lazy\" decoding=\"async\" width=\"640\" height=\"360\" src=\"https:\/\/www.csami.hu\/site\/wp-content\/uploads\/2026\/02\/koncert.jpg\" alt=\"\" class=\"wp-image-252\" srcset=\"https:\/\/www.csami.hu\/site\/wp-content\/uploads\/2026\/02\/koncert.jpg 640w, https:\/\/www.csami.hu\/site\/wp-content\/uploads\/2026\/02\/koncert-300x169.jpg 300w\" sizes=\"auto, (max-width: 640px) 100vw, 640px\" \/><\/figure>\n\n\n\n<figure class=\"wp-block-image size-full\"><img loading=\"lazy\" decoding=\"async\" width=\"640\" height=\"360\" src=\"https:\/\/www.csami.hu\/site\/wp-content\/uploads\/2026\/02\/koncert2.jpg\" alt=\"\" class=\"wp-image-253\" srcset=\"https:\/\/www.csami.hu\/site\/wp-content\/uploads\/2026\/02\/koncert2.jpg 640w, https:\/\/www.csami.hu\/site\/wp-content\/uploads\/2026\/02\/koncert2-300x169.jpg 300w\" sizes=\"auto, (max-width: 640px) 100vw, 640px\" \/><\/figure>\n\n\n\n<figure class=\"wp-block-image size-full\"><img loading=\"lazy\" decoding=\"async\" width=\"640\" height=\"360\" src=\"https:\/\/www.csami.hu\/site\/wp-content\/uploads\/2026\/02\/koncert3.jpg\" alt=\"\" class=\"wp-image-254\" srcset=\"https:\/\/www.csami.hu\/site\/wp-content\/uploads\/2026\/02\/koncert3.jpg 640w, https:\/\/www.csami.hu\/site\/wp-content\/uploads\/2026\/02\/koncert3-300x169.jpg 300w\" sizes=\"auto, (max-width: 640px) 100vw, 640px\" \/><\/figure>\n\n\n\n<figure class=\"wp-block-image size-full\"><img loading=\"lazy\" decoding=\"async\" width=\"640\" height=\"360\" src=\"https:\/\/www.csami.hu\/site\/wp-content\/uploads\/2026\/02\/Koncert4.jpg\" alt=\"\" class=\"wp-image-255\" srcset=\"https:\/\/www.csami.hu\/site\/wp-content\/uploads\/2026\/02\/Koncert4.jpg 640w, https:\/\/www.csami.hu\/site\/wp-content\/uploads\/2026\/02\/Koncert4-300x169.jpg 300w\" sizes=\"auto, (max-width: 640px) 100vw, 640px\" \/><\/figure>\n\n\n\n<figure class=\"wp-block-image size-full\"><img loading=\"lazy\" decoding=\"async\" width=\"640\" height=\"360\" src=\"https:\/\/www.csami.hu\/site\/wp-content\/uploads\/2026\/02\/Koncert5.jpg\" alt=\"\" class=\"wp-image-256\" srcset=\"https:\/\/www.csami.hu\/site\/wp-content\/uploads\/2026\/02\/Koncert5.jpg 640w, https:\/\/www.csami.hu\/site\/wp-content\/uploads\/2026\/02\/Koncert5-300x169.jpg 300w\" sizes=\"auto, (max-width: 640px) 100vw, 640px\" \/><\/figure>\n\n\n\n<figure class=\"wp-block-image size-full\"><img loading=\"lazy\" decoding=\"async\" width=\"640\" height=\"360\" src=\"https:\/\/www.csami.hu\/site\/wp-content\/uploads\/2026\/02\/koncert6.jpg\" alt=\"\" class=\"wp-image-257\" srcset=\"https:\/\/www.csami.hu\/site\/wp-content\/uploads\/2026\/02\/koncert6.jpg 640w, https:\/\/www.csami.hu\/site\/wp-content\/uploads\/2026\/02\/koncert6-300x169.jpg 300w\" sizes=\"auto, (max-width: 640px) 100vw, 640px\" \/><\/figure>\n\n\n\n<figure class=\"wp-block-image size-full\"><img loading=\"lazy\" decoding=\"async\" width=\"640\" height=\"360\" src=\"https:\/\/www.csami.hu\/site\/wp-content\/uploads\/2026\/02\/koncert7.jpg\" alt=\"\" class=\"wp-image-258\" srcset=\"https:\/\/www.csami.hu\/site\/wp-content\/uploads\/2026\/02\/koncert7.jpg 640w, https:\/\/www.csami.hu\/site\/wp-content\/uploads\/2026\/02\/koncert7-300x169.jpg 300w\" sizes=\"auto, (max-width: 640px) 100vw, 640px\" \/><\/figure>\n\n\n\n<figure class=\"wp-block-image size-full\"><img loading=\"lazy\" decoding=\"async\" width=\"640\" height=\"360\" src=\"https:\/\/www.csami.hu\/site\/wp-content\/uploads\/2026\/02\/koncert8.jpg\" alt=\"\" class=\"wp-image-259\" srcset=\"https:\/\/www.csami.hu\/site\/wp-content\/uploads\/2026\/02\/koncert8.jpg 640w, https:\/\/www.csami.hu\/site\/wp-content\/uploads\/2026\/02\/koncert8-300x169.jpg 300w\" sizes=\"auto, (max-width: 640px) 100vw, 640px\" \/><\/figure>\n\n\n\n<p class=\"wp-block-paragraph\">Tov\u00e1bbi k\u00e9pek \u00e9s az estr\u0151l k\u00e9sz\u00fclt felv\u00e9tel megtekinthet\u0151 a www.csengeleiinformaciok.hu weboldalon.<\/p>\n","protected":false},"excerpt":{"rendered":"<p>A m\u0171v\u00e9szeti iskola janu\u00e1r 10-\u00e9n tartotta meg \u00daj\u00e9vi hangverseny\u00e9t. Id\u00e9n erre m\u00e1r hetedik alkalommal ker\u00fclt sor, de a lelkesed\u00e9s, a k\u00e9sz\u00fcl\u0151d\u00e9s tov\u00e1bbra is t\u00f6retlen. A zenekar mellett a mazsorettcsoportok t\u00e1nca sz\u00ednes\u00edtette a rendezv\u00e9nyt. Dr. T\u00f3th Tibor polg\u00e1rmester nyitotta meg az est\u00e9t, majd a Queen egy\u00fcttes We are the Champions c\u00edm\u0171 sz\u00e1mval kezd\u0151d\u00f6tt el a hangverseny. [&hellip;]<\/p>\n","protected":false},"author":4,"featured_media":252,"comment_status":"closed","ping_status":"closed","sticky":false,"template":"","format":"standard","meta":{"site-container-style":"default","site-container-layout":"default","site-sidebar-layout":"default","disable-article-header":"default","disable-site-header":"default","disable-site-footer":"default","disable-content-area-spacing":"default","footnotes":""},"categories":[1],"tags":[],"class_list":["post-250","post","type-post","status-publish","format-standard","has-post-thumbnail","hentry","category-hirek"],"_links":{"self":[{"href":"https:\/\/www.csami.hu\/site\/wp-json\/wp\/v2\/posts\/250","targetHints":{"allow":["GET"]}}],"collection":[{"href":"https:\/\/www.csami.hu\/site\/wp-json\/wp\/v2\/posts"}],"about":[{"href":"https:\/\/www.csami.hu\/site\/wp-json\/wp\/v2\/types\/post"}],"author":[{"embeddable":true,"href":"https:\/\/www.csami.hu\/site\/wp-json\/wp\/v2\/users\/4"}],"replies":[{"embeddable":true,"href":"https:\/\/www.csami.hu\/site\/wp-json\/wp\/v2\/comments?post=250"}],"version-history":[{"count":1,"href":"https:\/\/www.csami.hu\/site\/wp-json\/wp\/v2\/posts\/250\/revisions"}],"predecessor-version":[{"id":260,"href":"https:\/\/www.csami.hu\/site\/wp-json\/wp\/v2\/posts\/250\/revisions\/260"}],"wp:featuredmedia":[{"embeddable":true,"href":"https:\/\/www.csami.hu\/site\/wp-json\/wp\/v2\/media\/252"}],"wp:attachment":[{"href":"https:\/\/www.csami.hu\/site\/wp-json\/wp\/v2\/media?parent=250"}],"wp:term":[{"taxonomy":"category","embeddable":true,"href":"https:\/\/www.csami.hu\/site\/wp-json\/wp\/v2\/categories?post=250"},{"taxonomy":"post_tag","embeddable":true,"href":"https:\/\/www.csami.hu\/site\/wp-json\/wp\/v2\/tags?post=250"}],"curies":[{"name":"wp","href":"https:\/\/api.w.org\/{rel}","templated":true}]}}